{"id":596,"date":"2026-02-11T21:14:24","date_gmt":"2026-02-11T21:14:24","guid":{"rendered":"https:\/\/fmmp.org.mx\/?p=596"},"modified":"2026-02-11T21:14:24","modified_gmt":"2026-02-11T21:14:24","slug":"feliz-ano-nuevo","status":"publish","type":"post","link":"https:\/\/fmmp.org.mx\/?p=596","title":{"rendered":"Feliz A\u00f1o nuevo"},"content":{"rendered":"<blockquote>\n<div dir=\"ltr\">\n<div dir=\"ltr\">\n<div>Feliz A\u00f1o nuevo\u00a0te deseamos el equipo de \u00abUn Camino con Luz\u00bb record\u00e1ndote que este es nuestro motivo de existir y si bien muchos nos conocen todav\u00eda como la Fundaci\u00f3n Mexicana de Medicina Paliativa y Alivio del Dolor en C\u00e1ncer A.C. hemos decidido compartirte que nos distinguimos ahora con nuestro Slogan \u00abUn Camino con Luz\u00bb.<\/div>\n<div>\u00bfPor qu\u00e9? Porque eso representa lo que hacemos, damos luz en escenarios de salud sombr\u00edos, donde las familias piden compa\u00f1\u00eda, cari\u00f1o, calor, claridad, siendo esto lo que hacemos, as\u00ed que te invitamos a conocer m\u00e1s de c\u00f3mo lo hacemos y a referirte a nosotros a partir de ahora como \u00abUn Camino con Luz\u00bb. Iluminemos juntos la recta final de la vida y hagamos de esa etapa un lugar hermoso, rodeado de cuidado.<\/div>\n<div><\/div>\n<div>Este a\u00f1o arrancamos con grandes noticias para todos: ELNEC M\u00e9xico pasa a formar parte de uno de nuestros programas.<\/div>\n<div>Tras meses de colaboraci\u00f3n con Barbarita Lee y Ana Torres, las co-directoras de ELNEC M\u00e9xico, quienes decidieron hacer una alianza con nuestra A.C. y sumar a \u00abUn Camino con Luz\u00bb el programa de capacitaci\u00f3n con m\u00e1s de 25 a\u00f1os de experiencia.<\/div>\n<\/div>\n<div><img loading=\"lazy\" decoding=\"async\" class=\"alignnone size-medium wp-image-597\" src=\"https:\/\/fmmp.org.mx\/wp-content\/uploads\/2026\/02\/fmmp-300x204.jpg\" alt=\"\" width=\"300\" height=\"204\" \/><\/div>\n<\/div>\n<\/blockquote>\n<div><\/div>\n<div>\n<blockquote>\n<div dir=\"ltr\">\n<div dir=\"ltr\">\n<h1><strong>Entrenamiento ELNEC con OMI M\u00e9xico y AMSA M\u00e9xico Nov 2025.<\/strong><\/h1>\n<\/div>\n<\/div>\n<\/blockquote>\n<div dir=\"ltr\">\n<div dir=\"ltr\">\n<div>\u00bfQuieres saber m\u00e1s de este programa? Sigue sus redes:<\/div>\n<\/div>\n<\/div>\n<div dir=\"ltr\">\n<div dir=\"ltr\">\n<div><a href=\"https:\/\/www.facebook.com\/elnecmexico\/\" target=\"_blank\" rel=\"noopener\" data-saferedirecturl=\"https:\/\/www.google.com\/url?q=https:\/\/www.facebook.com\/elnecmexico\/&amp;source=gmail&amp;ust=1770921368443000&amp;usg=AOvVaw1DnOCKE4sP739TeBwBJS7y\">https:\/\/www.facebook.com\/<wbr \/>elnecmexico\/<\/a><\/div>\n<div><a href=\"https:\/\/www.instagram.com\/elnecmexico\/\" target=\"_blank\" rel=\"noopener\" data-saferedirecturl=\"https:\/\/www.google.com\/url?q=https:\/\/www.instagram.com\/elnecmexico\/&amp;source=gmail&amp;ust=1770921368443000&amp;usg=AOvVaw3uKRknmOeJE_m8oOoMGia3\">https:\/\/www.instagram.com\/<wbr \/>elnecmexico\/<\/a><\/div>\n<\/div>\n<\/div>\n<div dir=\"ltr\">\n<div dir=\"ltr\">\n<div>Si eres profesional y l\u00edder de equipos de salud, tenemos una herramienta valiosa para entrenar a tu personal en cuidados paliativos con este programa.<br \/>\nSigue al pendiente de las novedades.<\/div>\n<\/div>\n<\/div>\n<\/div>\n","protected":false},"excerpt":{"rendered":"<p>Feliz A\u00f1o nuevo\u00a0te deseamos el equipo de \u00abUn Camino con Luz\u00bb record\u00e1ndote que este es nuestro motivo de existir y si bien muchos nos conocen todav\u00eda como la Fundaci\u00f3n Mexicana de Medicina Paliativa y Alivio del Dolor en C\u00e1ncer A.C. hemos decidido compartirte que nos distinguimos ahora con nuestro Slogan \u00abUn Camino con Luz\u00bb. \u00bfPor [&hellip;]<\/p>\n","protected":false},"author":1,"featured_media":597,"comment_status":"open","ping_status":"open","sticky":false,"template":"","format":"standard","meta":{"_et_pb_use_builder":"","_et_pb_old_content":"","_et_gb_content_width":"","footnotes":""},"categories":[7],"tags":[],"class_list":["post-596","post","type-post","status-publish","format-standard","has-post-thumbnail","hentry","category-sin-categoria-es"],"_links":{"self":[{"href":"https:\/\/fmmp.org.mx\/index.php?rest_route=\/wp\/v2\/posts\/596","targetHints":{"allow":["GET"]}}],"collection":[{"href":"https:\/\/fmmp.org.mx\/index.php?rest_route=\/wp\/v2\/posts"}],"about":[{"href":"https:\/\/fmmp.org.mx\/index.php?rest_route=\/wp\/v2\/types\/post"}],"author":[{"embeddable":true,"href":"https:\/\/fmmp.org.mx\/index.php?rest_route=\/wp\/v2\/users\/1"}],"replies":[{"embeddable":true,"href":"https:\/\/fmmp.org.mx\/index.php?rest_route=%2Fwp%2Fv2%2Fcomments&post=596"}],"version-history":[{"count":1,"href":"https:\/\/fmmp.org.mx\/index.php?rest_route=\/wp\/v2\/posts\/596\/revisions"}],"predecessor-version":[{"id":598,"href":"https:\/\/fmmp.org.mx\/index.php?rest_route=\/wp\/v2\/posts\/596\/revisions\/598"}],"wp:featuredmedia":[{"embeddable":true,"href":"https:\/\/fmmp.org.mx\/index.php?rest_route=\/wp\/v2\/media\/597"}],"wp:attachment":[{"href":"https:\/\/fmmp.org.mx\/index.php?rest_route=%2Fwp%2Fv2%2Fmedia&parent=596"}],"wp:term":[{"taxonomy":"category","embeddable":true,"href":"https:\/\/fmmp.org.mx\/index.php?rest_route=%2Fwp%2Fv2%2Fcategories&post=596"},{"taxonomy":"post_tag","embeddable":true,"href":"https:\/\/fmmp.org.mx\/index.php?rest_route=%2Fwp%2Fv2%2Ftags&post=596"}],"curies":[{"name":"wp","href":"https:\/\/api.w.org\/{rel}","templated":true}]}}